{"id":5069,"date":"2020-05-22T15:49:34","date_gmt":"2020-05-22T15:49:34","guid":{"rendered":"https:\/\/bostonsoluxlab.com\/tchrtaxim\/?p=5069"},"modified":"2023-06-15T14:04:13","modified_gmt":"2023-06-15T14:04:13","slug":"obligations-en-matiere-de-precompte-professionnel","status":"publish","type":"post","link":"https:\/\/www.taxconsult.be\/fr\/obligations-en-matiere-de-precompte-professionnel\/","title":{"rendered":"Obligations en mati\u00e8re de pr\u00e9compte professionnel"},"content":{"rendered":"<p>Obligations de retenue \u00e0 la source belge<\/p>\n<p>27 avril 2020<\/p>\n<p>Dans une pr\u00e9c\u00e9dente newsletter, nous avions attir\u00e9 l&#8217;attention sur de nouvelles dispositions l\u00e9gales selon lesquelles tout contribuable belge soumis \u00e0 l&#8217;imp\u00f4t belge sur le revenu des soci\u00e9t\u00e9s, \u00e0 l&#8217;imp\u00f4t belge sur le revenu des particuliers ou \u00e0 l&#8217;imp\u00f4t belge sur le revenu des non-r\u00e9sidents serait fictivement consid\u00e9r\u00e9 comme ayant pay\u00e9 ou attribu\u00e9 des r\u00e9mun\u00e9rations vers\u00e9es par une soci\u00e9t\u00e9 \u00e9trang\u00e8re li\u00e9e \u00e0 un employ\u00e9 exer\u00e7ant des activit\u00e9s professionnelles au profit du contribuable belge.<\/p>\n<p>Dans une circulaire administrative du 7 avril 2020, l&#8217;administration fiscale belge a fourni des indications sur le champ d&#8217;application de la fiction susmentionn\u00e9e.<\/p>\n<p>Selon l&#8217;administration fiscale belge, il n&#8217;est pas n\u00e9cessaire que le salari\u00e9 ait un contrat de travail avec le contribuable belge soumis \u00e0 l&#8217;imp\u00f4t belge sur le revenu. Il est n\u00e9cessaire et suffisant que les r\u00e9mun\u00e9rations concernent des activit\u00e9s professionnelles relevant des activit\u00e9s quotidiennes du contribuable belge telles que d\u00e9finies dans ses statuts. La fiction peut donc s&#8217;appliquer aux r\u00e9mun\u00e9rations vers\u00e9es conform\u00e9ment \u00e0 un contrat de d\u00e9tachement.<\/p>\n<p>Cette position est clairement en contradiction avec la ratio legis de la nouvelle disposition, telle qu&#8217;elle est expos\u00e9e dans les travaux pr\u00e9paratoires de la loi. Elle g\u00e9n\u00e8re n\u00e9anmoins de nouvelles obligations de retenue \u00e0 la source &#8211; et donc d&#8217;obligations fiscales individuelles (\u00abFiche 281.10\u00bb ou \u00abFiche 281.20\u00bb) &#8211; au sein de groupes internationaux de soci\u00e9t\u00e9s.<\/p>\n<p>Dans l&#8217;hypoth\u00e8se o\u00f9 cette nouvelle position serait appliqu\u00e9e telle quelle par les autorit\u00e9s fiscales belges, nous recommandons de faire une \u00e9tude au cas par cas et, plus particuli\u00e8rement, d&#8217;\u00e9tudier la r\u00e9partition intra-groupe des charges salariales ainsi que les modalit\u00e9s de refacturation.<\/p>\n<p>Nous sommes actuellement en contact avec les autorit\u00e9s fiscales belges pour obtenir la confirmation de leur interpr\u00e9tation.<\/p>\n<p>D\u00e9tachement de personnel: la Cour de justice de l&#8217;Union europ\u00e9enne prend position sur les questions de TVA<\/p>\n<p>27 avril 2020<\/p>\n<p>Selon un arr\u00eat publi\u00e9 le 11 mars, la Cour de justice de l&#8217;Union europ\u00e9enne a confirm\u00e9 que la refacturation des frais d&#8217;un salari\u00e9 qu&#8217;une entreprise met \u00e0 la disposition d&#8217;une de ses filiales en qualit\u00e9 de \u00abmanager\u00bb doit \u00eatre consid\u00e9r\u00e9 comme une op\u00e9ration soumise \u00e0 la TVA.<\/p>\n<p>Conform\u00e9ment \u00e0 la l\u00e9gislation sur la TVA, le d\u00e9tachement d&#8217;un administrateur dans une filiale en \u00e9change du paiement d&#8217;une somme d&#8217;argent est consid\u00e9r\u00e9 comme une relation juridique dans laquelle des services r\u00e9ciproques sont \u00e9chang\u00e9s. La Cour d\u00e9clare par cons\u00e9quent que cette op\u00e9ration est imposable du point de vue de la TVA, d&#8217;une part, m\u00eame si la TVA locale ou la l\u00e9gislation fiscale locale pourrait sugg\u00e9rer une r\u00e8gle diff\u00e9rente et, d&#8217;autre part, m\u00eame si le montant du montant pay\u00e9 est \u00e9gal, sup\u00e9rieur ou inf\u00e9rieur \u00e0 les frais encourus.<\/p>\n<p>Limit\u00e9e \u00e0 la demande de la requ\u00e9rante, la Cour ne se prononce pas sur la question de la r\u00e9trocession de r\u00e9mun\u00e9ration d&#8217;un membre du conseil d&#8217;administration. C&#8217;est le cas, par exemple, lorsqu&#8217;un individu est nomm\u00e9 administrateur dans une autre soci\u00e9t\u00e9 ou filiale. Bien que d&#8217;apparence similaire, la situation est n\u00e9anmoins (totalement) diff\u00e9rente puisque le rapport juridique n&#8217;est plus entre deux soci\u00e9t\u00e9s mais entre un particulier et une soci\u00e9t\u00e9. La r\u00e9trocession de la r\u00e9mun\u00e9ration des membres des conseils d&#8217;administration ne serait donc pas soumise \u00e0 la TVA, consid\u00e9rant cette op\u00e9ration comme hors du champ d&#8217;application de la TVA. Sur la base de la doctrine juridique, des arguments existent pour d\u00e9fendre la position selon laquelle une telle r\u00e9trocession n&#8217;est pas soumise \u00e0 la TVA.<\/p>\n<p>En outre, m\u00eame si la question n&#8217;est pas non plus couverte par l&#8217;arr\u00eat, la Cour semble d\u00e9fendre de facto l&#8217;existence d&#8217;un \u00e9tablissement stable pour les filiales et, \u00e9ventuellement, pour les succursales \u00e9trang\u00e8res. En d&#8217;autres termes, ces entit\u00e9s devraient avoir leur propre existence du point de vue de la TVA dans les pays o\u00f9 elles sont situ\u00e9es.<\/p>\n<p>En conclusion, cet arr\u00eat, non n\u00e9gligeable, sugg\u00e8re des cons\u00e9quences importantes en termes d&#8217;optimisation et plus particuli\u00e8rement en termes de cash-flow. D&#8217;une part, le d\u00e9tachement d&#8217;une personne au sein d&#8217;une filiale, de mani\u00e8re appropri\u00e9e, pourrait permettre d&#8217;\u00e9viter un pr\u00e9financement TVA en consid\u00e9rant cette op\u00e9ration hors du champ d&#8217;application de la taxe. En revanche, l&#8217;existence d&#8217;un \u00e9tablissement stable \u00e0 l&#8217;\u00e9tranger pourrait \u00e9galement \u00e9viter le pr\u00e9financement de la TVA sur les transactions transfrontali\u00e8res.<\/p>\n<p>Comme pour toute mesure d&#8217;optimisation, une \u00e9tude du contexte et de la situation dans chaque cas individuel est n\u00e9cessaire pour d\u00e9finir le plus pr\u00e9cis\u00e9ment possible l&#8217;avantage dont l&#8217;entreprise pourrait b\u00e9n\u00e9ficier.<br \/>\nNous restons donc \u00e0 votre disposition pour pr\u00e9voir toute mesure pouvant \u00eatre utile \u00e0 la tr\u00e9sorerie de votre entreprise.<\/p>\n","protected":false},"excerpt":{"rendered":"<p>Obligations de retenue \u00e0 la source belge 27 avril 2020 Dans une pr\u00e9c\u00e9dente newsletter, nous avions attir\u00e9 l&#8217;attention sur de nouvelles dispositions l\u00e9gales selon lesquelles tout contribuable belge soumis \u00e0&#8230;<\/p>\n","protected":false},"author":1,"featured_media":12686,"comment_status":"open","ping_status":"open","sticky":false,"template":"","format":"standard","meta":{"_acf_changed":false,"footnotes":""},"categories":[],"tags":[],"class_list":["post-5069","post","type-post","status-publish","format-standard","has-post-thumbnail","hentry"],"acf":[],"yoast_head":"<!-- This site is optimized with the Yoast SEO plugin v27.5 - https:\/\/yoast.com\/product\/yoast-seo-wordpress\/ -->\n<title>Obligations en mati\u00e8re de pr\u00e9compte professionnel - Accountancy &amp; Advisory<\/title>\n<meta name=\"robots\" content=\"index, follow, max-snippet:-1, max-image-preview:large, max-video-preview:-1\" \/>\n<link rel=\"canonical\" href=\"https:\/\/www.taxconsult.be\/fr\/obligations-en-matiere-de-precompte-professionnel\/\" \/>\n<meta property=\"og:locale\" content=\"fr_FR\" \/>\n<meta property=\"og:type\" content=\"article\" \/>\n<meta property=\"og:title\" content=\"Obligations en mati\u00e8re de pr\u00e9compte professionnel - Accountancy &amp; Advisory\" \/>\n<meta property=\"og:description\" content=\"Obligations de retenue \u00e0 la source belge 27 avril 2020 Dans une pr\u00e9c\u00e9dente newsletter, nous avions attir\u00e9 l&#8217;attention sur de nouvelles dispositions l\u00e9gales selon lesquelles tout contribuable belge soumis \u00e0...\" \/>\n<meta property=\"og:url\" content=\"https:\/\/www.taxconsult.be\/fr\/obligations-en-matiere-de-precompte-professionnel\/\" \/>\n<meta property=\"og:site_name\" content=\"Accountancy &amp; Advisory\" \/>\n<meta property=\"article:published_time\" content=\"2020-05-22T15:49:34+00:00\" \/>\n<meta property=\"article:modified_time\" content=\"2023-06-15T14:04:13+00:00\" \/>\n<meta property=\"og:image\" content=\"https:\/\/www.taxconsult.be\/wp-content\/uploads\/2023\/03\/AdobeStock_331184330-scaled.jpeg\" \/>\n\t<meta property=\"og:image:width\" content=\"2048\" \/>\n\t<meta property=\"og:image:height\" content=\"1365\" \/>\n\t<meta property=\"og:image:type\" content=\"image\/jpeg\" \/>\n<meta name=\"author\" content=\"galia\" \/>\n<meta name=\"twitter:card\" content=\"summary_large_image\" \/>\n<meta name=\"twitter:label1\" content=\"Written by\" \/>\n\t<meta name=\"twitter:data1\" content=\"galia\" \/>\n\t<meta name=\"twitter:label2\" content=\"Est. reading time\" \/>\n\t<meta name=\"twitter:data2\" content=\"4 minutes\" \/>\n<script type=\"application\/ld+json\" class=\"yoast-schema-graph\">{\"@context\":\"https:\\\/\\\/schema.org\",\"@graph\":[{\"@type\":\"Article\",\"@id\":\"https:\\\/\\\/www.taxconsult.be\\\/fr\\\/obligations-en-matiere-de-precompte-professionnel\\\/#article\",\"isPartOf\":{\"@id\":\"https:\\\/\\\/www.taxconsult.be\\\/fr\\\/obligations-en-matiere-de-precompte-professionnel\\\/\"},\"author\":{\"name\":\"galia\",\"@id\":\"https:\\\/\\\/www.taxconsult.be\\\/fr\\\/#\\\/schema\\\/person\\\/a23732c467723cd5100009ae489faa5f\"},\"headline\":\"Obligations en mati\u00e8re de pr\u00e9compte professionnel\",\"datePublished\":\"2020-05-22T15:49:34+00:00\",\"dateModified\":\"2023-06-15T14:04:13+00:00\",\"mainEntityOfPage\":{\"@id\":\"https:\\\/\\\/www.taxconsult.be\\\/fr\\\/obligations-en-matiere-de-precompte-professionnel\\\/\"},\"wordCount\":881,\"commentCount\":0,\"image\":{\"@id\":\"https:\\\/\\\/www.taxconsult.be\\\/fr\\\/obligations-en-matiere-de-precompte-professionnel\\\/#primaryimage\"},\"thumbnailUrl\":\"https:\\\/\\\/www.taxconsult.be\\\/wp-content\\\/uploads\\\/2023\\\/03\\\/AdobeStock_331184330-scaled.jpeg\",\"inLanguage\":\"fr-FR\",\"potentialAction\":[{\"@type\":\"CommentAction\",\"name\":\"Comment\",\"target\":[\"https:\\\/\\\/www.taxconsult.be\\\/fr\\\/obligations-en-matiere-de-precompte-professionnel\\\/#respond\"]}]},{\"@type\":\"WebPage\",\"@id\":\"https:\\\/\\\/www.taxconsult.be\\\/fr\\\/obligations-en-matiere-de-precompte-professionnel\\\/\",\"url\":\"https:\\\/\\\/www.taxconsult.be\\\/fr\\\/obligations-en-matiere-de-precompte-professionnel\\\/\",\"name\":\"Obligations en mati\u00e8re de pr\u00e9compte professionnel - Accountancy &amp; Advisory\",\"isPartOf\":{\"@id\":\"https:\\\/\\\/www.taxconsult.be\\\/fr\\\/#website\"},\"primaryImageOfPage\":{\"@id\":\"https:\\\/\\\/www.taxconsult.be\\\/fr\\\/obligations-en-matiere-de-precompte-professionnel\\\/#primaryimage\"},\"image\":{\"@id\":\"https:\\\/\\\/www.taxconsult.be\\\/fr\\\/obligations-en-matiere-de-precompte-professionnel\\\/#primaryimage\"},\"thumbnailUrl\":\"https:\\\/\\\/www.taxconsult.be\\\/wp-content\\\/uploads\\\/2023\\\/03\\\/AdobeStock_331184330-scaled.jpeg\",\"datePublished\":\"2020-05-22T15:49:34+00:00\",\"dateModified\":\"2023-06-15T14:04:13+00:00\",\"author\":{\"@id\":\"https:\\\/\\\/www.taxconsult.be\\\/fr\\\/#\\\/schema\\\/person\\\/a23732c467723cd5100009ae489faa5f\"},\"breadcrumb\":{\"@id\":\"https:\\\/\\\/www.taxconsult.be\\\/fr\\\/obligations-en-matiere-de-precompte-professionnel\\\/#breadcrumb\"},\"inLanguage\":\"fr-FR\",\"potentialAction\":[{\"@type\":\"ReadAction\",\"target\":[\"https:\\\/\\\/www.taxconsult.be\\\/fr\\\/obligations-en-matiere-de-precompte-professionnel\\\/\"]}]},{\"@type\":\"ImageObject\",\"inLanguage\":\"fr-FR\",\"@id\":\"https:\\\/\\\/www.taxconsult.be\\\/fr\\\/obligations-en-matiere-de-precompte-professionnel\\\/#primaryimage\",\"url\":\"https:\\\/\\\/www.taxconsult.be\\\/wp-content\\\/uploads\\\/2023\\\/03\\\/AdobeStock_331184330-scaled.jpeg\",\"contentUrl\":\"https:\\\/\\\/www.taxconsult.be\\\/wp-content\\\/uploads\\\/2023\\\/03\\\/AdobeStock_331184330-scaled.jpeg\",\"width\":2048,\"height\":1365},{\"@type\":\"BreadcrumbList\",\"@id\":\"https:\\\/\\\/www.taxconsult.be\\\/fr\\\/obligations-en-matiere-de-precompte-professionnel\\\/#breadcrumb\",\"itemListElement\":[{\"@type\":\"ListItem\",\"position\":1,\"name\":\"Home\",\"item\":\"https:\\\/\\\/www.taxconsult.be\\\/fr\\\/\"},{\"@type\":\"ListItem\",\"position\":2,\"name\":\"Obligations en mati\u00e8re de pr\u00e9compte professionnel\"}]},{\"@type\":\"WebSite\",\"@id\":\"https:\\\/\\\/www.taxconsult.be\\\/fr\\\/#website\",\"url\":\"https:\\\/\\\/www.taxconsult.be\\\/fr\\\/\",\"name\":\"Accountancy &amp; Advisory\",\"description\":\"\",\"potentialAction\":[{\"@type\":\"SearchAction\",\"target\":{\"@type\":\"EntryPoint\",\"urlTemplate\":\"https:\\\/\\\/www.taxconsult.be\\\/fr\\\/?s={search_term_string}\"},\"query-input\":{\"@type\":\"PropertyValueSpecification\",\"valueRequired\":true,\"valueName\":\"search_term_string\"}}],\"inLanguage\":\"fr-FR\"},{\"@type\":\"Person\",\"@id\":\"https:\\\/\\\/www.taxconsult.be\\\/fr\\\/#\\\/schema\\\/person\\\/a23732c467723cd5100009ae489faa5f\",\"name\":\"galia\",\"image\":{\"@type\":\"ImageObject\",\"inLanguage\":\"fr-FR\",\"@id\":\"https:\\\/\\\/www.taxconsult.be\\\/wp-content\\\/litespeed\\\/avatar\\\/372ec27fb5cb807281c0594defa3560f.jpg?ver=1777143241\",\"url\":\"https:\\\/\\\/www.taxconsult.be\\\/wp-content\\\/litespeed\\\/avatar\\\/372ec27fb5cb807281c0594defa3560f.jpg?ver=1777143241\",\"contentUrl\":\"https:\\\/\\\/www.taxconsult.be\\\/wp-content\\\/litespeed\\\/avatar\\\/372ec27fb5cb807281c0594defa3560f.jpg?ver=1777143241\",\"caption\":\"galia\"},\"sameAs\":[\"https:\\\/\\\/www.taxconsult.be\"],\"url\":\"https:\\\/\\\/www.taxconsult.be\\\/fr\\\/author\\\/galia\\\/\"}]}<\/script>\n<!-- \/ Yoast SEO plugin. -->","yoast_head_json":{"title":"Obligations en mati\u00e8re de pr\u00e9compte professionnel - Accountancy &amp; Advisory","robots":{"index":"index","follow":"follow","max-snippet":"max-snippet:-1","max-image-preview":"max-image-preview:large","max-video-preview":"max-video-preview:-1"},"canonical":"https:\/\/www.taxconsult.be\/fr\/obligations-en-matiere-de-precompte-professionnel\/","og_locale":"fr_FR","og_type":"article","og_title":"Obligations en mati\u00e8re de pr\u00e9compte professionnel - Accountancy &amp; Advisory","og_description":"Obligations de retenue \u00e0 la source belge 27 avril 2020 Dans une pr\u00e9c\u00e9dente newsletter, nous avions attir\u00e9 l&#8217;attention sur de nouvelles dispositions l\u00e9gales selon lesquelles tout contribuable belge soumis \u00e0...","og_url":"https:\/\/www.taxconsult.be\/fr\/obligations-en-matiere-de-precompte-professionnel\/","og_site_name":"Accountancy &amp; Advisory","article_published_time":"2020-05-22T15:49:34+00:00","article_modified_time":"2023-06-15T14:04:13+00:00","og_image":[{"width":2048,"height":1365,"url":"https:\/\/www.taxconsult.be\/wp-content\/uploads\/2023\/03\/AdobeStock_331184330-scaled.jpeg","type":"image\/jpeg"}],"author":"galia","twitter_card":"summary_large_image","twitter_misc":{"Written by":"galia","Est. reading time":"4 minutes"},"schema":{"@context":"https:\/\/schema.org","@graph":[{"@type":"Article","@id":"https:\/\/www.taxconsult.be\/fr\/obligations-en-matiere-de-precompte-professionnel\/#article","isPartOf":{"@id":"https:\/\/www.taxconsult.be\/fr\/obligations-en-matiere-de-precompte-professionnel\/"},"author":{"name":"galia","@id":"https:\/\/www.taxconsult.be\/fr\/#\/schema\/person\/a23732c467723cd5100009ae489faa5f"},"headline":"Obligations en mati\u00e8re de pr\u00e9compte professionnel","datePublished":"2020-05-22T15:49:34+00:00","dateModified":"2023-06-15T14:04:13+00:00","mainEntityOfPage":{"@id":"https:\/\/www.taxconsult.be\/fr\/obligations-en-matiere-de-precompte-professionnel\/"},"wordCount":881,"commentCount":0,"image":{"@id":"https:\/\/www.taxconsult.be\/fr\/obligations-en-matiere-de-precompte-professionnel\/#primaryimage"},"thumbnailUrl":"https:\/\/www.taxconsult.be\/wp-content\/uploads\/2023\/03\/AdobeStock_331184330-scaled.jpeg","inLanguage":"fr-FR","potentialAction":[{"@type":"CommentAction","name":"Comment","target":["https:\/\/www.taxconsult.be\/fr\/obligations-en-matiere-de-precompte-professionnel\/#respond"]}]},{"@type":"WebPage","@id":"https:\/\/www.taxconsult.be\/fr\/obligations-en-matiere-de-precompte-professionnel\/","url":"https:\/\/www.taxconsult.be\/fr\/obligations-en-matiere-de-precompte-professionnel\/","name":"Obligations en mati\u00e8re de pr\u00e9compte professionnel - Accountancy &amp; Advisory","isPartOf":{"@id":"https:\/\/www.taxconsult.be\/fr\/#website"},"primaryImageOfPage":{"@id":"https:\/\/www.taxconsult.be\/fr\/obligations-en-matiere-de-precompte-professionnel\/#primaryimage"},"image":{"@id":"https:\/\/www.taxconsult.be\/fr\/obligations-en-matiere-de-precompte-professionnel\/#primaryimage"},"thumbnailUrl":"https:\/\/www.taxconsult.be\/wp-content\/uploads\/2023\/03\/AdobeStock_331184330-scaled.jpeg","datePublished":"2020-05-22T15:49:34+00:00","dateModified":"2023-06-15T14:04:13+00:00","author":{"@id":"https:\/\/www.taxconsult.be\/fr\/#\/schema\/person\/a23732c467723cd5100009ae489faa5f"},"breadcrumb":{"@id":"https:\/\/www.taxconsult.be\/fr\/obligations-en-matiere-de-precompte-professionnel\/#breadcrumb"},"inLanguage":"fr-FR","potentialAction":[{"@type":"ReadAction","target":["https:\/\/www.taxconsult.be\/fr\/obligations-en-matiere-de-precompte-professionnel\/"]}]},{"@type":"ImageObject","inLanguage":"fr-FR","@id":"https:\/\/www.taxconsult.be\/fr\/obligations-en-matiere-de-precompte-professionnel\/#primaryimage","url":"https:\/\/www.taxconsult.be\/wp-content\/uploads\/2023\/03\/AdobeStock_331184330-scaled.jpeg","contentUrl":"https:\/\/www.taxconsult.be\/wp-content\/uploads\/2023\/03\/AdobeStock_331184330-scaled.jpeg","width":2048,"height":1365},{"@type":"BreadcrumbList","@id":"https:\/\/www.taxconsult.be\/fr\/obligations-en-matiere-de-precompte-professionnel\/#breadcrumb","itemListElement":[{"@type":"ListItem","position":1,"name":"Home","item":"https:\/\/www.taxconsult.be\/fr\/"},{"@type":"ListItem","position":2,"name":"Obligations en mati\u00e8re de pr\u00e9compte professionnel"}]},{"@type":"WebSite","@id":"https:\/\/www.taxconsult.be\/fr\/#website","url":"https:\/\/www.taxconsult.be\/fr\/","name":"Accountancy &amp; Advisory","description":"","potentialAction":[{"@type":"SearchAction","target":{"@type":"EntryPoint","urlTemplate":"https:\/\/www.taxconsult.be\/fr\/?s={search_term_string}"},"query-input":{"@type":"PropertyValueSpecification","valueRequired":true,"valueName":"search_term_string"}}],"inLanguage":"fr-FR"},{"@type":"Person","@id":"https:\/\/www.taxconsult.be\/fr\/#\/schema\/person\/a23732c467723cd5100009ae489faa5f","name":"galia","image":{"@type":"ImageObject","inLanguage":"fr-FR","@id":"https:\/\/www.taxconsult.be\/wp-content\/litespeed\/avatar\/372ec27fb5cb807281c0594defa3560f.jpg?ver=1777143241","url":"https:\/\/www.taxconsult.be\/wp-content\/litespeed\/avatar\/372ec27fb5cb807281c0594defa3560f.jpg?ver=1777143241","contentUrl":"https:\/\/www.taxconsult.be\/wp-content\/litespeed\/avatar\/372ec27fb5cb807281c0594defa3560f.jpg?ver=1777143241","caption":"galia"},"sameAs":["https:\/\/www.taxconsult.be"],"url":"https:\/\/www.taxconsult.be\/fr\/author\/galia\/"}]}},"_links":{"self":[{"href":"https:\/\/www.taxconsult.be\/fr\/wp-json\/wp\/v2\/posts\/5069","targetHints":{"allow":["GET"]}}],"collection":[{"href":"https:\/\/www.taxconsult.be\/fr\/wp-json\/wp\/v2\/posts"}],"about":[{"href":"https:\/\/www.taxconsult.be\/fr\/wp-json\/wp\/v2\/types\/post"}],"author":[{"embeddable":true,"href":"https:\/\/www.taxconsult.be\/fr\/wp-json\/wp\/v2\/users\/1"}],"replies":[{"embeddable":true,"href":"https:\/\/www.taxconsult.be\/fr\/wp-json\/wp\/v2\/comments?post=5069"}],"version-history":[{"count":0,"href":"https:\/\/www.taxconsult.be\/fr\/wp-json\/wp\/v2\/posts\/5069\/revisions"}],"wp:featuredmedia":[{"embeddable":true,"href":"https:\/\/www.taxconsult.be\/fr\/wp-json\/wp\/v2\/media\/12686"}],"wp:attachment":[{"href":"https:\/\/www.taxconsult.be\/fr\/wp-json\/wp\/v2\/media?parent=5069"}],"wp:term":[{"taxonomy":"category","embeddable":true,"href":"https:\/\/www.taxconsult.be\/fr\/wp-json\/wp\/v2\/categories?post=5069"},{"taxonomy":"post_tag","embeddable":true,"href":"https:\/\/www.taxconsult.be\/fr\/wp-json\/wp\/v2\/tags?post=5069"}],"curies":[{"name":"wp","href":"https:\/\/api.w.org\/{rel}","templated":true}]}}