{"id":6696,"date":"2020-06-10T18:59:04","date_gmt":"2020-06-10T18:59:04","guid":{"rendered":"https:\/\/tcaa.taxconsult.be\/?p=6696"},"modified":"2023-06-15T14:04:04","modified_gmt":"2023-06-15T14:04:04","slug":"mesures-fisales-et-sociales-visant-a-soutenir-les-entreprises-dans-le-cadre-du-coronavirus","status":"publish","type":"post","link":"https:\/\/www.taxconsult.be\/fr\/mesures-fisales-et-sociales-visant-a-soutenir-les-entreprises-dans-le-cadre-du-coronavirus\/","title":{"rendered":"MESURES FISALES ET SOCIALES VISANT A SOUTENIR LES ENTREPRISES DANS LE CADRE DU CORONAVIRUS"},"content":{"rendered":"<p class=\"rteindent4\">Chers clients,<\/p>\n<p>Suite \u00e0 la pand\u00e9mie du Coronavirus, les mesures sanitaires prises par le gouvernement ont fortement impact\u00e9 l\u2019activit\u00e9 \u00e9conomique en Belgique. Afin de soutenir les entreprises et ind\u00e9pendants, un grand nombre de mesures ont \u00e9t\u00e9 prises par les diff\u00e9rentes entit\u00e9s belges.<\/p>\n<p>Vous trouverez, ci-apr\u00e8s, les grandes cat\u00e9gories de mesures adopt\u00e9es \u00e0 cet effet:<\/p>\n<blockquote><p>1.\u00a0 MESURES FEDERALES<\/p><\/blockquote>\n<p>Le Gouvernement f\u00e9d\u00e9ral a pris ces derni\u00e8res semaines plusieurs s\u00e9ries de mesures visant \u00e0 soutenir les entreprises et ind\u00e9pendants face aux difficult\u00e9s \u00e9conomiques rencontr\u00e9es \u00e0 la suite des mesures sanitaires en vue de lutter contre la propagation du Covid-19.<\/p>\n<p class=\"rtecenter\">[<a href=\"https:\/\/www.taxconsult.be\/sites\/default\/files\/tax_consult_-_communication_clients_-_1._mesures_federales_03.06.2020.pdf\">En savoir plus\u2026<\/a>]<\/p>\n<blockquote><p>2.\u00a0MESURES REGIONALES &#8211; REGION DE BRUXELLES-CAPITALE<\/p><\/blockquote>\n<p>Dans le cadre de la crise Covid-19 , le Gouvernement bruxellois \u00e0 adopt\u00e9 plusieurs d\u00e9cisions visant \u00e0 soutenir les entreprises affect\u00e9es par les mesures sanitaires et ce notamment, pour les commerces et autres secteurs directement impact\u00e9s par les mesures restrictives d\u2019ouverture de leurs \u00e9tablissements.<\/p>\n<p class=\"rtecenter\">[<a href=\"https:\/\/www.taxconsult.be\/sites\/default\/files\/tax_consult_-_communication_clients_-_2._mesures_regionales_bxl_03.06.2020.pdf\">En savoir plus\u2026<\/a>]<\/p>\n<blockquote><p>3.\u00a0MESURES REGIONALES &#8211; REGION WALLONNE<\/p><\/blockquote>\n<p>Le Gouvernement Wallon a \u00e9galement pris plusieurs s\u00e9ries de mesures visant \u00e0 soutenir les entreprises et ind\u00e9pendants les plus fortement touch\u00e9s par les fermetures via, notamment la cr\u00e9ation d\u2019un fonds extraordinaire de 233 millions d\u2019euros.<\/p>\n<p class=\"rtecenter\">[<a href=\"https:\/\/www.taxconsult.be\/sites\/default\/files\/tax_consult_-_communication_clients_-_3._mesures_regionales_wal_03.06.2020.pdf\">En savoir plus\u2026<\/a>]<\/p>\n<blockquote><p>4.\u00a0 STEUNMAATREGELEN VOOR HET VLAAMSE GEWEST<\/p><\/blockquote>\n<p>Naar aanleiding van de pandemie van het Coronavirus heeft de Vlaamse regering een aantal maatregelen genomen ter ondersteuning van het bedrijfsleven en de zelfstandigen.<\/p>\n<p class=\"rtecenter\">[<a href=\"https:\/\/www.taxconsult.be\/sites\/default\/files\/tax_consult_-_communication_clients_-_4._mesures_regionales_fl_06.05.2020_-_review_kv.pdf\">Lees meer&#8230;<\/a>]<\/p>\n<p>Tax Consult suit quotidiennement l\u2019actualit\u00e9 des mesures prises par les autorit\u00e9s et est r\u00e9guli\u00e8rement en contact avec l\u2019Administration.<\/p>\n<p>En cas de question, n\u2019h\u00e9sitez pas \u00e0 nous contacter ou \u00e0 prendre contact avec votre gestionnaire de dossier en vue de trouver une mesure ou un conseil adapt\u00e9 \u00e0 votre situation.<\/p>\n<p>Prenez soin de vous,<br \/>\n<strong>Tax Consult<\/strong><\/p>\n","protected":false},"excerpt":{"rendered":"<p>Chers clients, Suite \u00e0 la pand\u00e9mie du Coronavirus, les mesures sanitaires prises par le gouvernement ont fortement impact\u00e9 l\u2019activit\u00e9 \u00e9conomique en Belgique. Afin de soutenir les entreprises et ind\u00e9pendants, un&#8230;<\/p>\n","protected":false},"author":1,"featured_media":12691,"comment_status":"open","ping_status":"open","sticky":false,"template":"","format":"standard","meta":{"_acf_changed":false,"footnotes":""},"categories":[],"tags":[],"class_list":["post-6696","post","type-post","status-publish","format-standard","has-post-thumbnail","hentry"],"acf":[],"yoast_head":"<!-- This site is optimized with the Yoast SEO plugin v27.5 - https:\/\/yoast.com\/product\/yoast-seo-wordpress\/ -->\n<title>MESURES FISALES ET SOCIALES VISANT A SOUTENIR LES ENTREPRISES DANS LE CADRE DU CORONAVIRUS - Accountancy &amp; Advisory<\/title>\n<meta name=\"robots\" content=\"index, follow, max-snippet:-1, max-image-preview:large, max-video-preview:-1\" \/>\n<link rel=\"canonical\" href=\"https:\/\/www.taxconsult.be\/fr\/mesures-fisales-et-sociales-visant-a-soutenir-les-entreprises-dans-le-cadre-du-coronavirus\/\" \/>\n<meta property=\"og:locale\" content=\"fr_FR\" \/>\n<meta property=\"og:type\" content=\"article\" \/>\n<meta property=\"og:title\" content=\"MESURES FISALES ET SOCIALES VISANT A SOUTENIR LES ENTREPRISES DANS LE CADRE DU CORONAVIRUS - Accountancy &amp; Advisory\" \/>\n<meta property=\"og:description\" content=\"Chers clients, Suite \u00e0 la pand\u00e9mie du Coronavirus, les mesures sanitaires prises par le gouvernement ont fortement impact\u00e9 l\u2019activit\u00e9 \u00e9conomique en Belgique. Afin de soutenir les entreprises et ind\u00e9pendants, un...\" \/>\n<meta property=\"og:url\" content=\"https:\/\/www.taxconsult.be\/fr\/mesures-fisales-et-sociales-visant-a-soutenir-les-entreprises-dans-le-cadre-du-coronavirus\/\" \/>\n<meta property=\"og:site_name\" content=\"Accountancy &amp; Advisory\" \/>\n<meta property=\"article:published_time\" content=\"2020-06-10T18:59:04+00:00\" \/>\n<meta property=\"article:modified_time\" content=\"2023-06-15T14:04:04+00:00\" \/>\n<meta property=\"og:image\" content=\"https:\/\/www.taxconsult.be\/wp-content\/uploads\/2020\/03\/AdobeStock_354056115-scaled.jpeg\" \/>\n\t<meta property=\"og:image:width\" content=\"2048\" \/>\n\t<meta property=\"og:image:height\" content=\"1365\" \/>\n\t<meta property=\"og:image:type\" content=\"image\/jpeg\" \/>\n<meta name=\"author\" content=\"galia\" \/>\n<meta name=\"twitter:card\" content=\"summary_large_image\" \/>\n<meta name=\"twitter:label1\" content=\"Written by\" \/>\n\t<meta name=\"twitter:data1\" content=\"galia\" \/>\n\t<meta name=\"twitter:label2\" content=\"Est. reading time\" \/>\n\t<meta name=\"twitter:data2\" content=\"2 minutes\" \/>\n<script type=\"application\/ld+json\" class=\"yoast-schema-graph\">{\"@context\":\"https:\\\/\\\/schema.org\",\"@graph\":[{\"@type\":\"Article\",\"@id\":\"https:\\\/\\\/www.taxconsult.be\\\/fr\\\/mesures-fisales-et-sociales-visant-a-soutenir-les-entreprises-dans-le-cadre-du-coronavirus\\\/#article\",\"isPartOf\":{\"@id\":\"https:\\\/\\\/www.taxconsult.be\\\/fr\\\/mesures-fisales-et-sociales-visant-a-soutenir-les-entreprises-dans-le-cadre-du-coronavirus\\\/\"},\"author\":{\"name\":\"galia\",\"@id\":\"https:\\\/\\\/www.taxconsult.be\\\/fr\\\/#\\\/schema\\\/person\\\/a23732c467723cd5100009ae489faa5f\"},\"headline\":\"MESURES FISALES ET SOCIALES VISANT A SOUTENIR LES ENTREPRISES DANS LE CADRE DU CORONAVIRUS\",\"datePublished\":\"2020-06-10T18:59:04+00:00\",\"dateModified\":\"2023-06-15T14:04:04+00:00\",\"mainEntityOfPage\":{\"@id\":\"https:\\\/\\\/www.taxconsult.be\\\/fr\\\/mesures-fisales-et-sociales-visant-a-soutenir-les-entreprises-dans-le-cadre-du-coronavirus\\\/\"},\"wordCount\":314,\"commentCount\":0,\"image\":{\"@id\":\"https:\\\/\\\/www.taxconsult.be\\\/fr\\\/mesures-fisales-et-sociales-visant-a-soutenir-les-entreprises-dans-le-cadre-du-coronavirus\\\/#primaryimage\"},\"thumbnailUrl\":\"https:\\\/\\\/www.taxconsult.be\\\/wp-content\\\/uploads\\\/2020\\\/03\\\/AdobeStock_354056115-scaled.jpeg\",\"inLanguage\":\"fr-FR\",\"potentialAction\":[{\"@type\":\"CommentAction\",\"name\":\"Comment\",\"target\":[\"https:\\\/\\\/www.taxconsult.be\\\/fr\\\/mesures-fisales-et-sociales-visant-a-soutenir-les-entreprises-dans-le-cadre-du-coronavirus\\\/#respond\"]}]},{\"@type\":\"WebPage\",\"@id\":\"https:\\\/\\\/www.taxconsult.be\\\/fr\\\/mesures-fisales-et-sociales-visant-a-soutenir-les-entreprises-dans-le-cadre-du-coronavirus\\\/\",\"url\":\"https:\\\/\\\/www.taxconsult.be\\\/fr\\\/mesures-fisales-et-sociales-visant-a-soutenir-les-entreprises-dans-le-cadre-du-coronavirus\\\/\",\"name\":\"MESURES FISALES ET SOCIALES VISANT A SOUTENIR LES ENTREPRISES DANS LE CADRE DU CORONAVIRUS - Accountancy &amp; Advisory\",\"isPartOf\":{\"@id\":\"https:\\\/\\\/www.taxconsult.be\\\/fr\\\/#website\"},\"primaryImageOfPage\":{\"@id\":\"https:\\\/\\\/www.taxconsult.be\\\/fr\\\/mesures-fisales-et-sociales-visant-a-soutenir-les-entreprises-dans-le-cadre-du-coronavirus\\\/#primaryimage\"},\"image\":{\"@id\":\"https:\\\/\\\/www.taxconsult.be\\\/fr\\\/mesures-fisales-et-sociales-visant-a-soutenir-les-entreprises-dans-le-cadre-du-coronavirus\\\/#primaryimage\"},\"thumbnailUrl\":\"https:\\\/\\\/www.taxconsult.be\\\/wp-content\\\/uploads\\\/2020\\\/03\\\/AdobeStock_354056115-scaled.jpeg\",\"datePublished\":\"2020-06-10T18:59:04+00:00\",\"dateModified\":\"2023-06-15T14:04:04+00:00\",\"author\":{\"@id\":\"https:\\\/\\\/www.taxconsult.be\\\/fr\\\/#\\\/schema\\\/person\\\/a23732c467723cd5100009ae489faa5f\"},\"breadcrumb\":{\"@id\":\"https:\\\/\\\/www.taxconsult.be\\\/fr\\\/mesures-fisales-et-sociales-visant-a-soutenir-les-entreprises-dans-le-cadre-du-coronavirus\\\/#breadcrumb\"},\"inLanguage\":\"fr-FR\",\"potentialAction\":[{\"@type\":\"ReadAction\",\"target\":[\"https:\\\/\\\/www.taxconsult.be\\\/fr\\\/mesures-fisales-et-sociales-visant-a-soutenir-les-entreprises-dans-le-cadre-du-coronavirus\\\/\"]}]},{\"@type\":\"ImageObject\",\"inLanguage\":\"fr-FR\",\"@id\":\"https:\\\/\\\/www.taxconsult.be\\\/fr\\\/mesures-fisales-et-sociales-visant-a-soutenir-les-entreprises-dans-le-cadre-du-coronavirus\\\/#primaryimage\",\"url\":\"https:\\\/\\\/www.taxconsult.be\\\/wp-content\\\/uploads\\\/2020\\\/03\\\/AdobeStock_354056115-scaled.jpeg\",\"contentUrl\":\"https:\\\/\\\/www.taxconsult.be\\\/wp-content\\\/uploads\\\/2020\\\/03\\\/AdobeStock_354056115-scaled.jpeg\",\"width\":2048,\"height\":1365},{\"@type\":\"BreadcrumbList\",\"@id\":\"https:\\\/\\\/www.taxconsult.be\\\/fr\\\/mesures-fisales-et-sociales-visant-a-soutenir-les-entreprises-dans-le-cadre-du-coronavirus\\\/#breadcrumb\",\"itemListElement\":[{\"@type\":\"ListItem\",\"position\":1,\"name\":\"Home\",\"item\":\"https:\\\/\\\/www.taxconsult.be\\\/fr\\\/\"},{\"@type\":\"ListItem\",\"position\":2,\"name\":\"MESURES FISALES ET SOCIALES VISANT A SOUTENIR LES ENTREPRISES DANS LE CADRE DU CORONAVIRUS\"}]},{\"@type\":\"WebSite\",\"@id\":\"https:\\\/\\\/www.taxconsult.be\\\/fr\\\/#website\",\"url\":\"https:\\\/\\\/www.taxconsult.be\\\/fr\\\/\",\"name\":\"Accountancy &amp; Advisory\",\"description\":\"\",\"potentialAction\":[{\"@type\":\"SearchAction\",\"target\":{\"@type\":\"EntryPoint\",\"urlTemplate\":\"https:\\\/\\\/www.taxconsult.be\\\/fr\\\/?s={search_term_string}\"},\"query-input\":{\"@type\":\"PropertyValueSpecification\",\"valueRequired\":true,\"valueName\":\"search_term_string\"}}],\"inLanguage\":\"fr-FR\"},{\"@type\":\"Person\",\"@id\":\"https:\\\/\\\/www.taxconsult.be\\\/fr\\\/#\\\/schema\\\/person\\\/a23732c467723cd5100009ae489faa5f\",\"name\":\"galia\",\"image\":{\"@type\":\"ImageObject\",\"inLanguage\":\"fr-FR\",\"@id\":\"https:\\\/\\\/www.taxconsult.be\\\/wp-content\\\/litespeed\\\/avatar\\\/372ec27fb5cb807281c0594defa3560f.jpg?ver=1777143241\",\"url\":\"https:\\\/\\\/www.taxconsult.be\\\/wp-content\\\/litespeed\\\/avatar\\\/372ec27fb5cb807281c0594defa3560f.jpg?ver=1777143241\",\"contentUrl\":\"https:\\\/\\\/www.taxconsult.be\\\/wp-content\\\/litespeed\\\/avatar\\\/372ec27fb5cb807281c0594defa3560f.jpg?ver=1777143241\",\"caption\":\"galia\"},\"sameAs\":[\"https:\\\/\\\/www.taxconsult.be\"],\"url\":\"https:\\\/\\\/www.taxconsult.be\\\/fr\\\/author\\\/galia\\\/\"}]}<\/script>\n<!-- \/ Yoast SEO plugin. -->","yoast_head_json":{"title":"MESURES FISALES ET SOCIALES VISANT A SOUTENIR LES ENTREPRISES DANS LE CADRE DU CORONAVIRUS - Accountancy &amp; Advisory","robots":{"index":"index","follow":"follow","max-snippet":"max-snippet:-1","max-image-preview":"max-image-preview:large","max-video-preview":"max-video-preview:-1"},"canonical":"https:\/\/www.taxconsult.be\/fr\/mesures-fisales-et-sociales-visant-a-soutenir-les-entreprises-dans-le-cadre-du-coronavirus\/","og_locale":"fr_FR","og_type":"article","og_title":"MESURES FISALES ET SOCIALES VISANT A SOUTENIR LES ENTREPRISES DANS LE CADRE DU CORONAVIRUS - Accountancy &amp; Advisory","og_description":"Chers clients, Suite \u00e0 la pand\u00e9mie du Coronavirus, les mesures sanitaires prises par le gouvernement ont fortement impact\u00e9 l\u2019activit\u00e9 \u00e9conomique en Belgique. Afin de soutenir les entreprises et ind\u00e9pendants, un...","og_url":"https:\/\/www.taxconsult.be\/fr\/mesures-fisales-et-sociales-visant-a-soutenir-les-entreprises-dans-le-cadre-du-coronavirus\/","og_site_name":"Accountancy &amp; Advisory","article_published_time":"2020-06-10T18:59:04+00:00","article_modified_time":"2023-06-15T14:04:04+00:00","og_image":[{"width":2048,"height":1365,"url":"https:\/\/www.taxconsult.be\/wp-content\/uploads\/2020\/03\/AdobeStock_354056115-scaled.jpeg","type":"image\/jpeg"}],"author":"galia","twitter_card":"summary_large_image","twitter_misc":{"Written by":"galia","Est. reading time":"2 minutes"},"schema":{"@context":"https:\/\/schema.org","@graph":[{"@type":"Article","@id":"https:\/\/www.taxconsult.be\/fr\/mesures-fisales-et-sociales-visant-a-soutenir-les-entreprises-dans-le-cadre-du-coronavirus\/#article","isPartOf":{"@id":"https:\/\/www.taxconsult.be\/fr\/mesures-fisales-et-sociales-visant-a-soutenir-les-entreprises-dans-le-cadre-du-coronavirus\/"},"author":{"name":"galia","@id":"https:\/\/www.taxconsult.be\/fr\/#\/schema\/person\/a23732c467723cd5100009ae489faa5f"},"headline":"MESURES FISALES ET SOCIALES VISANT A SOUTENIR LES ENTREPRISES DANS LE CADRE DU CORONAVIRUS","datePublished":"2020-06-10T18:59:04+00:00","dateModified":"2023-06-15T14:04:04+00:00","mainEntityOfPage":{"@id":"https:\/\/www.taxconsult.be\/fr\/mesures-fisales-et-sociales-visant-a-soutenir-les-entreprises-dans-le-cadre-du-coronavirus\/"},"wordCount":314,"commentCount":0,"image":{"@id":"https:\/\/www.taxconsult.be\/fr\/mesures-fisales-et-sociales-visant-a-soutenir-les-entreprises-dans-le-cadre-du-coronavirus\/#primaryimage"},"thumbnailUrl":"https:\/\/www.taxconsult.be\/wp-content\/uploads\/2020\/03\/AdobeStock_354056115-scaled.jpeg","inLanguage":"fr-FR","potentialAction":[{"@type":"CommentAction","name":"Comment","target":["https:\/\/www.taxconsult.be\/fr\/mesures-fisales-et-sociales-visant-a-soutenir-les-entreprises-dans-le-cadre-du-coronavirus\/#respond"]}]},{"@type":"WebPage","@id":"https:\/\/www.taxconsult.be\/fr\/mesures-fisales-et-sociales-visant-a-soutenir-les-entreprises-dans-le-cadre-du-coronavirus\/","url":"https:\/\/www.taxconsult.be\/fr\/mesures-fisales-et-sociales-visant-a-soutenir-les-entreprises-dans-le-cadre-du-coronavirus\/","name":"MESURES FISALES ET SOCIALES VISANT A SOUTENIR LES ENTREPRISES DANS LE CADRE DU CORONAVIRUS - Accountancy &amp; Advisory","isPartOf":{"@id":"https:\/\/www.taxconsult.be\/fr\/#website"},"primaryImageOfPage":{"@id":"https:\/\/www.taxconsult.be\/fr\/mesures-fisales-et-sociales-visant-a-soutenir-les-entreprises-dans-le-cadre-du-coronavirus\/#primaryimage"},"image":{"@id":"https:\/\/www.taxconsult.be\/fr\/mesures-fisales-et-sociales-visant-a-soutenir-les-entreprises-dans-le-cadre-du-coronavirus\/#primaryimage"},"thumbnailUrl":"https:\/\/www.taxconsult.be\/wp-content\/uploads\/2020\/03\/AdobeStock_354056115-scaled.jpeg","datePublished":"2020-06-10T18:59:04+00:00","dateModified":"2023-06-15T14:04:04+00:00","author":{"@id":"https:\/\/www.taxconsult.be\/fr\/#\/schema\/person\/a23732c467723cd5100009ae489faa5f"},"breadcrumb":{"@id":"https:\/\/www.taxconsult.be\/fr\/mesures-fisales-et-sociales-visant-a-soutenir-les-entreprises-dans-le-cadre-du-coronavirus\/#breadcrumb"},"inLanguage":"fr-FR","potentialAction":[{"@type":"ReadAction","target":["https:\/\/www.taxconsult.be\/fr\/mesures-fisales-et-sociales-visant-a-soutenir-les-entreprises-dans-le-cadre-du-coronavirus\/"]}]},{"@type":"ImageObject","inLanguage":"fr-FR","@id":"https:\/\/www.taxconsult.be\/fr\/mesures-fisales-et-sociales-visant-a-soutenir-les-entreprises-dans-le-cadre-du-coronavirus\/#primaryimage","url":"https:\/\/www.taxconsult.be\/wp-content\/uploads\/2020\/03\/AdobeStock_354056115-scaled.jpeg","contentUrl":"https:\/\/www.taxconsult.be\/wp-content\/uploads\/2020\/03\/AdobeStock_354056115-scaled.jpeg","width":2048,"height":1365},{"@type":"BreadcrumbList","@id":"https:\/\/www.taxconsult.be\/fr\/mesures-fisales-et-sociales-visant-a-soutenir-les-entreprises-dans-le-cadre-du-coronavirus\/#breadcrumb","itemListElement":[{"@type":"ListItem","position":1,"name":"Home","item":"https:\/\/www.taxconsult.be\/fr\/"},{"@type":"ListItem","position":2,"name":"MESURES FISALES ET SOCIALES VISANT A SOUTENIR LES ENTREPRISES DANS LE CADRE DU CORONAVIRUS"}]},{"@type":"WebSite","@id":"https:\/\/www.taxconsult.be\/fr\/#website","url":"https:\/\/www.taxconsult.be\/fr\/","name":"Accountancy &amp; Advisory","description":"","potentialAction":[{"@type":"SearchAction","target":{"@type":"EntryPoint","urlTemplate":"https:\/\/www.taxconsult.be\/fr\/?s={search_term_string}"},"query-input":{"@type":"PropertyValueSpecification","valueRequired":true,"valueName":"search_term_string"}}],"inLanguage":"fr-FR"},{"@type":"Person","@id":"https:\/\/www.taxconsult.be\/fr\/#\/schema\/person\/a23732c467723cd5100009ae489faa5f","name":"galia","image":{"@type":"ImageObject","inLanguage":"fr-FR","@id":"https:\/\/www.taxconsult.be\/wp-content\/litespeed\/avatar\/372ec27fb5cb807281c0594defa3560f.jpg?ver=1777143241","url":"https:\/\/www.taxconsult.be\/wp-content\/litespeed\/avatar\/372ec27fb5cb807281c0594defa3560f.jpg?ver=1777143241","contentUrl":"https:\/\/www.taxconsult.be\/wp-content\/litespeed\/avatar\/372ec27fb5cb807281c0594defa3560f.jpg?ver=1777143241","caption":"galia"},"sameAs":["https:\/\/www.taxconsult.be"],"url":"https:\/\/www.taxconsult.be\/fr\/author\/galia\/"}]}},"_links":{"self":[{"href":"https:\/\/www.taxconsult.be\/fr\/wp-json\/wp\/v2\/posts\/6696","targetHints":{"allow":["GET"]}}],"collection":[{"href":"https:\/\/www.taxconsult.be\/fr\/wp-json\/wp\/v2\/posts"}],"about":[{"href":"https:\/\/www.taxconsult.be\/fr\/wp-json\/wp\/v2\/types\/post"}],"author":[{"embeddable":true,"href":"https:\/\/www.taxconsult.be\/fr\/wp-json\/wp\/v2\/users\/1"}],"replies":[{"embeddable":true,"href":"https:\/\/www.taxconsult.be\/fr\/wp-json\/wp\/v2\/comments?post=6696"}],"version-history":[{"count":0,"href":"https:\/\/www.taxconsult.be\/fr\/wp-json\/wp\/v2\/posts\/6696\/revisions"}],"wp:featuredmedia":[{"embeddable":true,"href":"https:\/\/www.taxconsult.be\/fr\/wp-json\/wp\/v2\/media\/12691"}],"wp:attachment":[{"href":"https:\/\/www.taxconsult.be\/fr\/wp-json\/wp\/v2\/media?parent=6696"}],"wp:term":[{"taxonomy":"category","embeddable":true,"href":"https:\/\/www.taxconsult.be\/fr\/wp-json\/wp\/v2\/categories?post=6696"},{"taxonomy":"post_tag","embeddable":true,"href":"https:\/\/www.taxconsult.be\/fr\/wp-json\/wp\/v2\/tags?post=6696"}],"curies":[{"name":"wp","href":"https:\/\/api.w.org\/{rel}","templated":true}]}}