{"id":6708,"date":"2020-04-01T19:12:50","date_gmt":"2020-04-01T19:12:50","guid":{"rendered":"https:\/\/tcaa.taxconsult.be\/?p=6708"},"modified":"2023-06-15T14:04:42","modified_gmt":"2023-06-15T14:04:42","slug":"hr-tax-im-responses-to-covid-19-pandemic-resume-semaine-13","status":"publish","type":"post","link":"https:\/\/www.taxconsult.be\/fr\/hr-tax-im-responses-to-covid-19-pandemic-resume-semaine-13\/","title":{"rendered":"HR TAX &#038; IM RESPONSES TO COVID-19 PANDEMIC \u2013 RESUM\u00c9 SEMAINE 13"},"content":{"rendered":"<p><strong>HR TAX &amp; IM RESPONSES\u00a0TO COVID-19 PANDEMIC\u00a0<\/strong><\/p>\n<p>Pour la d\u00e9termination du r\u00e9gime de s\u00e9curit\u00e9 sociale applicable, les autorit\u00e9s belges ont confirm\u00e9 que la p\u00e9riode de crise sera exclue pour la d\u00e9termination du pourcentage de pr\u00e9sence physique dans l&#8217;\u00c9tat d&#8217;origine.<\/p>\n<ul>\n<li>EU Regulation 883\/2004<\/li>\n<li>Immigration<\/li>\n<li>Salary split &#8211; general<\/li>\n<li>Salary split &#8211; Luxembourg<\/li>\n<li>Special tax status<\/li>\n<li>Indemnit\u00e9 t\u00e9l\u00e9-travail<\/li>\n<li>D\u00e9lais de paiement<\/li>\n<\/ul>\n<p>Tax Consult sa &#8211; HR Tax &amp; IM<\/p>\n","protected":false},"excerpt":{"rendered":"<p>HR TAX &amp; IM RESPONSES\u00a0TO COVID-19 PANDEMIC\u00a0 Pour la d\u00e9termination du r\u00e9gime de s\u00e9curit\u00e9 sociale applicable, les autorit\u00e9s belges ont confirm\u00e9 que la p\u00e9riode de crise sera exclue pour la&#8230;<\/p>\n","protected":false},"author":1,"featured_media":10030,"comment_status":"open","ping_status":"open","sticky":false,"template":"","format":"standard","meta":{"_acf_changed":false,"footnotes":""},"categories":[],"tags":[],"class_list":["post-6708","post","type-post","status-publish","format-standard","has-post-thumbnail","hentry"],"acf":[],"yoast_head":"<!-- This site is optimized with the Yoast SEO plugin v27.5 - https:\/\/yoast.com\/product\/yoast-seo-wordpress\/ -->\n<title>HR TAX &amp; IM RESPONSES TO COVID-19 PANDEMIC \u2013 RESUM\u00c9 SEMAINE 13 - Accountancy &amp; Advisory<\/title>\n<meta name=\"robots\" content=\"index, follow, max-snippet:-1, max-image-preview:large, max-video-preview:-1\" \/>\n<link rel=\"canonical\" href=\"https:\/\/www.taxconsult.be\/fr\/hr-tax-im-responses-to-covid-19-pandemic-resume-semaine-13\/\" \/>\n<meta property=\"og:locale\" content=\"fr_FR\" \/>\n<meta property=\"og:type\" content=\"article\" \/>\n<meta property=\"og:title\" content=\"HR TAX &amp; IM RESPONSES TO COVID-19 PANDEMIC \u2013 RESUM\u00c9 SEMAINE 13 - Accountancy &amp; Advisory\" \/>\n<meta property=\"og:description\" content=\"HR TAX &amp; IM RESPONSES\u00a0TO COVID-19 PANDEMIC\u00a0 Pour la d\u00e9termination du r\u00e9gime de s\u00e9curit\u00e9 sociale applicable, les autorit\u00e9s belges ont confirm\u00e9 que la p\u00e9riode de crise sera exclue pour la...\" \/>\n<meta property=\"og:url\" content=\"https:\/\/www.taxconsult.be\/fr\/hr-tax-im-responses-to-covid-19-pandemic-resume-semaine-13\/\" \/>\n<meta property=\"og:site_name\" content=\"Accountancy &amp; Advisory\" \/>\n<meta property=\"article:published_time\" content=\"2020-04-01T19:12:50+00:00\" \/>\n<meta property=\"article:modified_time\" content=\"2023-06-15T14:04:42+00:00\" \/>\n<meta property=\"og:image\" content=\"https:\/\/www.taxconsult.be\/wp-content\/uploads\/2022\/07\/coronavirus-5018466_1280.png\" \/>\n\t<meta property=\"og:image:width\" content=\"1279\" \/>\n\t<meta property=\"og:image:height\" content=\"1280\" \/>\n\t<meta property=\"og:image:type\" content=\"image\/png\" \/>\n<meta name=\"author\" content=\"galia\" \/>\n<meta name=\"twitter:card\" content=\"summary_large_image\" \/>\n<meta name=\"twitter:label1\" content=\"Written by\" \/>\n\t<meta name=\"twitter:data1\" content=\"galia\" \/>\n\t<meta name=\"twitter:label2\" content=\"Est. reading time\" \/>\n\t<meta name=\"twitter:data2\" content=\"1 minute\" \/>\n<script type=\"application\/ld+json\" class=\"yoast-schema-graph\">{\"@context\":\"https:\\\/\\\/schema.org\",\"@graph\":[{\"@type\":\"Article\",\"@id\":\"https:\\\/\\\/www.taxconsult.be\\\/fr\\\/hr-tax-im-responses-to-covid-19-pandemic-resume-semaine-13\\\/#article\",\"isPartOf\":{\"@id\":\"https:\\\/\\\/www.taxconsult.be\\\/fr\\\/hr-tax-im-responses-to-covid-19-pandemic-resume-semaine-13\\\/\"},\"author\":{\"name\":\"galia\",\"@id\":\"https:\\\/\\\/www.taxconsult.be\\\/fr\\\/#\\\/schema\\\/person\\\/a23732c467723cd5100009ae489faa5f\"},\"headline\":\"HR TAX &#038; IM RESPONSES TO COVID-19 PANDEMIC \u2013 RESUM\u00c9 SEMAINE 13\",\"datePublished\":\"2020-04-01T19:12:50+00:00\",\"dateModified\":\"2023-06-15T14:04:42+00:00\",\"mainEntityOfPage\":{\"@id\":\"https:\\\/\\\/www.taxconsult.be\\\/fr\\\/hr-tax-im-responses-to-covid-19-pandemic-resume-semaine-13\\\/\"},\"wordCount\":88,\"commentCount\":0,\"image\":{\"@id\":\"https:\\\/\\\/www.taxconsult.be\\\/fr\\\/hr-tax-im-responses-to-covid-19-pandemic-resume-semaine-13\\\/#primaryimage\"},\"thumbnailUrl\":\"https:\\\/\\\/www.taxconsult.be\\\/wp-content\\\/uploads\\\/2022\\\/07\\\/coronavirus-5018466_1280.png\",\"inLanguage\":\"fr-FR\",\"potentialAction\":[{\"@type\":\"CommentAction\",\"name\":\"Comment\",\"target\":[\"https:\\\/\\\/www.taxconsult.be\\\/fr\\\/hr-tax-im-responses-to-covid-19-pandemic-resume-semaine-13\\\/#respond\"]}]},{\"@type\":\"WebPage\",\"@id\":\"https:\\\/\\\/www.taxconsult.be\\\/fr\\\/hr-tax-im-responses-to-covid-19-pandemic-resume-semaine-13\\\/\",\"url\":\"https:\\\/\\\/www.taxconsult.be\\\/fr\\\/hr-tax-im-responses-to-covid-19-pandemic-resume-semaine-13\\\/\",\"name\":\"HR TAX & IM RESPONSES TO COVID-19 PANDEMIC \u2013 RESUM\u00c9 SEMAINE 13 - Accountancy &amp; Advisory\",\"isPartOf\":{\"@id\":\"https:\\\/\\\/www.taxconsult.be\\\/fr\\\/#website\"},\"primaryImageOfPage\":{\"@id\":\"https:\\\/\\\/www.taxconsult.be\\\/fr\\\/hr-tax-im-responses-to-covid-19-pandemic-resume-semaine-13\\\/#primaryimage\"},\"image\":{\"@id\":\"https:\\\/\\\/www.taxconsult.be\\\/fr\\\/hr-tax-im-responses-to-covid-19-pandemic-resume-semaine-13\\\/#primaryimage\"},\"thumbnailUrl\":\"https:\\\/\\\/www.taxconsult.be\\\/wp-content\\\/uploads\\\/2022\\\/07\\\/coronavirus-5018466_1280.png\",\"datePublished\":\"2020-04-01T19:12:50+00:00\",\"dateModified\":\"2023-06-15T14:04:42+00:00\",\"author\":{\"@id\":\"https:\\\/\\\/www.taxconsult.be\\\/fr\\\/#\\\/schema\\\/person\\\/a23732c467723cd5100009ae489faa5f\"},\"breadcrumb\":{\"@id\":\"https:\\\/\\\/www.taxconsult.be\\\/fr\\\/hr-tax-im-responses-to-covid-19-pandemic-resume-semaine-13\\\/#breadcrumb\"},\"inLanguage\":\"fr-FR\",\"potentialAction\":[{\"@type\":\"ReadAction\",\"target\":[\"https:\\\/\\\/www.taxconsult.be\\\/fr\\\/hr-tax-im-responses-to-covid-19-pandemic-resume-semaine-13\\\/\"]}]},{\"@type\":\"ImageObject\",\"inLanguage\":\"fr-FR\",\"@id\":\"https:\\\/\\\/www.taxconsult.be\\\/fr\\\/hr-tax-im-responses-to-covid-19-pandemic-resume-semaine-13\\\/#primaryimage\",\"url\":\"https:\\\/\\\/www.taxconsult.be\\\/wp-content\\\/uploads\\\/2022\\\/07\\\/coronavirus-5018466_1280.png\",\"contentUrl\":\"https:\\\/\\\/www.taxconsult.be\\\/wp-content\\\/uploads\\\/2022\\\/07\\\/coronavirus-5018466_1280.png\",\"width\":1279,\"height\":1280},{\"@type\":\"BreadcrumbList\",\"@id\":\"https:\\\/\\\/www.taxconsult.be\\\/fr\\\/hr-tax-im-responses-to-covid-19-pandemic-resume-semaine-13\\\/#breadcrumb\",\"itemListElement\":[{\"@type\":\"ListItem\",\"position\":1,\"name\":\"Home\",\"item\":\"https:\\\/\\\/www.taxconsult.be\\\/fr\\\/\"},{\"@type\":\"ListItem\",\"position\":2,\"name\":\"HR TAX &#038; IM RESPONSES TO COVID-19 PANDEMIC \u2013 RESUM\u00c9 SEMAINE 13\"}]},{\"@type\":\"WebSite\",\"@id\":\"https:\\\/\\\/www.taxconsult.be\\\/fr\\\/#website\",\"url\":\"https:\\\/\\\/www.taxconsult.be\\\/fr\\\/\",\"name\":\"Accountancy &amp; Advisory\",\"description\":\"\",\"potentialAction\":[{\"@type\":\"SearchAction\",\"target\":{\"@type\":\"EntryPoint\",\"urlTemplate\":\"https:\\\/\\\/www.taxconsult.be\\\/fr\\\/?s={search_term_string}\"},\"query-input\":{\"@type\":\"PropertyValueSpecification\",\"valueRequired\":true,\"valueName\":\"search_term_string\"}}],\"inLanguage\":\"fr-FR\"},{\"@type\":\"Person\",\"@id\":\"https:\\\/\\\/www.taxconsult.be\\\/fr\\\/#\\\/schema\\\/person\\\/a23732c467723cd5100009ae489faa5f\",\"name\":\"galia\",\"image\":{\"@type\":\"ImageObject\",\"inLanguage\":\"fr-FR\",\"@id\":\"https:\\\/\\\/www.taxconsult.be\\\/wp-content\\\/litespeed\\\/avatar\\\/372ec27fb5cb807281c0594defa3560f.jpg?ver=1777143241\",\"url\":\"https:\\\/\\\/www.taxconsult.be\\\/wp-content\\\/litespeed\\\/avatar\\\/372ec27fb5cb807281c0594defa3560f.jpg?ver=1777143241\",\"contentUrl\":\"https:\\\/\\\/www.taxconsult.be\\\/wp-content\\\/litespeed\\\/avatar\\\/372ec27fb5cb807281c0594defa3560f.jpg?ver=1777143241\",\"caption\":\"galia\"},\"sameAs\":[\"https:\\\/\\\/www.taxconsult.be\"],\"url\":\"https:\\\/\\\/www.taxconsult.be\\\/fr\\\/author\\\/galia\\\/\"}]}<\/script>\n<!-- \/ Yoast SEO plugin. -->","yoast_head_json":{"title":"HR TAX & IM RESPONSES TO COVID-19 PANDEMIC \u2013 RESUM\u00c9 SEMAINE 13 - Accountancy &amp; Advisory","robots":{"index":"index","follow":"follow","max-snippet":"max-snippet:-1","max-image-preview":"max-image-preview:large","max-video-preview":"max-video-preview:-1"},"canonical":"https:\/\/www.taxconsult.be\/fr\/hr-tax-im-responses-to-covid-19-pandemic-resume-semaine-13\/","og_locale":"fr_FR","og_type":"article","og_title":"HR TAX & IM RESPONSES TO COVID-19 PANDEMIC \u2013 RESUM\u00c9 SEMAINE 13 - Accountancy &amp; Advisory","og_description":"HR TAX &amp; IM RESPONSES\u00a0TO COVID-19 PANDEMIC\u00a0 Pour la d\u00e9termination du r\u00e9gime de s\u00e9curit\u00e9 sociale applicable, les autorit\u00e9s belges ont confirm\u00e9 que la p\u00e9riode de crise sera exclue pour la...","og_url":"https:\/\/www.taxconsult.be\/fr\/hr-tax-im-responses-to-covid-19-pandemic-resume-semaine-13\/","og_site_name":"Accountancy &amp; Advisory","article_published_time":"2020-04-01T19:12:50+00:00","article_modified_time":"2023-06-15T14:04:42+00:00","og_image":[{"width":1279,"height":1280,"url":"https:\/\/www.taxconsult.be\/wp-content\/uploads\/2022\/07\/coronavirus-5018466_1280.png","type":"image\/png"}],"author":"galia","twitter_card":"summary_large_image","twitter_misc":{"Written by":"galia","Est. reading time":"1 minute"},"schema":{"@context":"https:\/\/schema.org","@graph":[{"@type":"Article","@id":"https:\/\/www.taxconsult.be\/fr\/hr-tax-im-responses-to-covid-19-pandemic-resume-semaine-13\/#article","isPartOf":{"@id":"https:\/\/www.taxconsult.be\/fr\/hr-tax-im-responses-to-covid-19-pandemic-resume-semaine-13\/"},"author":{"name":"galia","@id":"https:\/\/www.taxconsult.be\/fr\/#\/schema\/person\/a23732c467723cd5100009ae489faa5f"},"headline":"HR TAX &#038; IM RESPONSES TO COVID-19 PANDEMIC \u2013 RESUM\u00c9 SEMAINE 13","datePublished":"2020-04-01T19:12:50+00:00","dateModified":"2023-06-15T14:04:42+00:00","mainEntityOfPage":{"@id":"https:\/\/www.taxconsult.be\/fr\/hr-tax-im-responses-to-covid-19-pandemic-resume-semaine-13\/"},"wordCount":88,"commentCount":0,"image":{"@id":"https:\/\/www.taxconsult.be\/fr\/hr-tax-im-responses-to-covid-19-pandemic-resume-semaine-13\/#primaryimage"},"thumbnailUrl":"https:\/\/www.taxconsult.be\/wp-content\/uploads\/2022\/07\/coronavirus-5018466_1280.png","inLanguage":"fr-FR","potentialAction":[{"@type":"CommentAction","name":"Comment","target":["https:\/\/www.taxconsult.be\/fr\/hr-tax-im-responses-to-covid-19-pandemic-resume-semaine-13\/#respond"]}]},{"@type":"WebPage","@id":"https:\/\/www.taxconsult.be\/fr\/hr-tax-im-responses-to-covid-19-pandemic-resume-semaine-13\/","url":"https:\/\/www.taxconsult.be\/fr\/hr-tax-im-responses-to-covid-19-pandemic-resume-semaine-13\/","name":"HR TAX & IM RESPONSES TO COVID-19 PANDEMIC \u2013 RESUM\u00c9 SEMAINE 13 - Accountancy &amp; Advisory","isPartOf":{"@id":"https:\/\/www.taxconsult.be\/fr\/#website"},"primaryImageOfPage":{"@id":"https:\/\/www.taxconsult.be\/fr\/hr-tax-im-responses-to-covid-19-pandemic-resume-semaine-13\/#primaryimage"},"image":{"@id":"https:\/\/www.taxconsult.be\/fr\/hr-tax-im-responses-to-covid-19-pandemic-resume-semaine-13\/#primaryimage"},"thumbnailUrl":"https:\/\/www.taxconsult.be\/wp-content\/uploads\/2022\/07\/coronavirus-5018466_1280.png","datePublished":"2020-04-01T19:12:50+00:00","dateModified":"2023-06-15T14:04:42+00:00","author":{"@id":"https:\/\/www.taxconsult.be\/fr\/#\/schema\/person\/a23732c467723cd5100009ae489faa5f"},"breadcrumb":{"@id":"https:\/\/www.taxconsult.be\/fr\/hr-tax-im-responses-to-covid-19-pandemic-resume-semaine-13\/#breadcrumb"},"inLanguage":"fr-FR","potentialAction":[{"@type":"ReadAction","target":["https:\/\/www.taxconsult.be\/fr\/hr-tax-im-responses-to-covid-19-pandemic-resume-semaine-13\/"]}]},{"@type":"ImageObject","inLanguage":"fr-FR","@id":"https:\/\/www.taxconsult.be\/fr\/hr-tax-im-responses-to-covid-19-pandemic-resume-semaine-13\/#primaryimage","url":"https:\/\/www.taxconsult.be\/wp-content\/uploads\/2022\/07\/coronavirus-5018466_1280.png","contentUrl":"https:\/\/www.taxconsult.be\/wp-content\/uploads\/2022\/07\/coronavirus-5018466_1280.png","width":1279,"height":1280},{"@type":"BreadcrumbList","@id":"https:\/\/www.taxconsult.be\/fr\/hr-tax-im-responses-to-covid-19-pandemic-resume-semaine-13\/#breadcrumb","itemListElement":[{"@type":"ListItem","position":1,"name":"Home","item":"https:\/\/www.taxconsult.be\/fr\/"},{"@type":"ListItem","position":2,"name":"HR TAX &#038; IM RESPONSES TO COVID-19 PANDEMIC \u2013 RESUM\u00c9 SEMAINE 13"}]},{"@type":"WebSite","@id":"https:\/\/www.taxconsult.be\/fr\/#website","url":"https:\/\/www.taxconsult.be\/fr\/","name":"Accountancy &amp; Advisory","description":"","potentialAction":[{"@type":"SearchAction","target":{"@type":"EntryPoint","urlTemplate":"https:\/\/www.taxconsult.be\/fr\/?s={search_term_string}"},"query-input":{"@type":"PropertyValueSpecification","valueRequired":true,"valueName":"search_term_string"}}],"inLanguage":"fr-FR"},{"@type":"Person","@id":"https:\/\/www.taxconsult.be\/fr\/#\/schema\/person\/a23732c467723cd5100009ae489faa5f","name":"galia","image":{"@type":"ImageObject","inLanguage":"fr-FR","@id":"https:\/\/www.taxconsult.be\/wp-content\/litespeed\/avatar\/372ec27fb5cb807281c0594defa3560f.jpg?ver=1777143241","url":"https:\/\/www.taxconsult.be\/wp-content\/litespeed\/avatar\/372ec27fb5cb807281c0594defa3560f.jpg?ver=1777143241","contentUrl":"https:\/\/www.taxconsult.be\/wp-content\/litespeed\/avatar\/372ec27fb5cb807281c0594defa3560f.jpg?ver=1777143241","caption":"galia"},"sameAs":["https:\/\/www.taxconsult.be"],"url":"https:\/\/www.taxconsult.be\/fr\/author\/galia\/"}]}},"_links":{"self":[{"href":"https:\/\/www.taxconsult.be\/fr\/wp-json\/wp\/v2\/posts\/6708","targetHints":{"allow":["GET"]}}],"collection":[{"href":"https:\/\/www.taxconsult.be\/fr\/wp-json\/wp\/v2\/posts"}],"about":[{"href":"https:\/\/www.taxconsult.be\/fr\/wp-json\/wp\/v2\/types\/post"}],"author":[{"embeddable":true,"href":"https:\/\/www.taxconsult.be\/fr\/wp-json\/wp\/v2\/users\/1"}],"replies":[{"embeddable":true,"href":"https:\/\/www.taxconsult.be\/fr\/wp-json\/wp\/v2\/comments?post=6708"}],"version-history":[{"count":0,"href":"https:\/\/www.taxconsult.be\/fr\/wp-json\/wp\/v2\/posts\/6708\/revisions"}],"wp:featuredmedia":[{"embeddable":true,"href":"https:\/\/www.taxconsult.be\/fr\/wp-json\/wp\/v2\/media\/10030"}],"wp:attachment":[{"href":"https:\/\/www.taxconsult.be\/fr\/wp-json\/wp\/v2\/media?parent=6708"}],"wp:term":[{"taxonomy":"category","embeddable":true,"href":"https:\/\/www.taxconsult.be\/fr\/wp-json\/wp\/v2\/categories?post=6708"},{"taxonomy":"post_tag","embeddable":true,"href":"https:\/\/www.taxconsult.be\/fr\/wp-json\/wp\/v2\/tags?post=6708"}],"curies":[{"name":"wp","href":"https:\/\/api.w.org\/{rel}","templated":true}]}}